{"id":1250,"date":"2019-06-07T16:05:24","date_gmt":"2019-06-07T14:05:24","guid":{"rendered":"http:\/\/rose-croix-normandie.fr\/WordPress3\/?p=1250"},"modified":"2019-07-10T11:32:40","modified_gmt":"2019-07-10T09:32:40","slug":"de-nombreuses-visites-au-siege-de-lancien-et-mystique-ordre-de-la-rose-croix","status":"publish","type":"post","link":"https:\/\/rose-croix-normandie.fr\/WordPress3\/de-nombreuses-visites-au-siege-de-lancien-et-mystique-ordre-de-la-rose-croix\/","title":{"rendered":"De nombreuses visites au si\u00e8ge de l\u2019Ancien et Mystique Ordre de la Rose-Croix"},"content":{"rendered":"<p>\u00c0 l\u2019occasion de la Convention que les Rosicruciens ont tenue \u00e0 \u00c9vreux les 3 et 4 juin derniers, nombre d\u2019entre eux sont venus visiter le Ch\u00e2teau d\u2019Omonville, si\u00e8ge de l\u2019A.M.O.R.C.<!--more--><\/p>\n<h4>AMORC : Des centaines de visiteurs au Ch\u00e2teau d&rsquo;omonville<\/h4>\n<blockquote><p>\u00ab Les samedi 3 et dimanche 4 juin, une convention de l&rsquo;A.M.O.R.C. (Ancien et Mystique Ordre de la Rose-Croix*) s&rsquo;est tenue au Cadran \u00e0 \u00c9vreux. Elle a r\u00e9uni environ 900 membres venus des diverses r\u00e9gions de France, mais aussi d&rsquo;autres pays francophones. Dans les jours qui ont pr\u00e9c\u00e9d\u00e9 et suivi cette Convention, nombre d&rsquo;entre eux ont profit\u00e9 de leur passage en Normandie pour visiter la r\u00e9gion et tout particuli\u00e8rement le Ch\u00e2teau d&rsquo;Omonville, si\u00e8ge de l&rsquo;A.M.O.R.C. depuis 1969.<br \/>\nNous avons d\u00e9j\u00e0 eu l&rsquo;occasion de parler du Ch\u00e2teau d&rsquo;Omonville dans nos colonnes, car de temps \u00e0 autre, il est ouvert au public \u00e0 l&rsquo;occasion de portes ouvertes ou \u00e0 la demande d&rsquo;associations culturelles, d&rsquo;\u00e9coles, de clubs de randonneurs&#8230; Class\u00e9 monument historique, il est entour\u00e9 d&rsquo;un parc comportant notamment un jardin \u00e0 la fran\u00e7aise, r\u00e9duction des cr\u00e9ations de Le N\u00f4tre \u00e0 Versailles.<br \/>\n* Dans les ouvrages de r\u00e9f\u00e9rence, l&rsquo;A.M.O.R.C. est d\u00e9fini comme un mouvement philosophique non religieux et apolitique, reconnu d&rsquo;utilit\u00e9 publique dans plusieurs pays en raison de sa contribution \u00e0 la culture, l&rsquo;\u00e9ducation et la paix. \u00bb (<strong>Le Courrier de l\u2019Eure<\/strong>, du mercredi 7 au mardi 13 juin 2017)<\/p><\/blockquote>\n<p>&nbsp;<\/p>\n<figure id=\"attachment_1253\" aria-describedby=\"caption-attachment-1253\" style=\"width: 500px\" class=\"wp-caption aligncenter\"><a href=\"https:\/\/rose-croix-normandie.fr\/WordPress3\/wp-content\/uploads\/2017\/06\/courrier-de-l-eure-13-juin-2017-web.pdf\" target=\"_blank\" rel=\"noopener noreferrer\"><img loading=\"lazy\" decoding=\"async\" class=\"wp-image-1253 size-full\" src=\"https:\/\/rose-croix-normandie.fr\/WordPress3\/wp-content\/uploads\/2017\/06\/Article-du-courrier-de-l-Eure-0617-1.jpg\" alt=\"\" width=\"500\" height=\"632\" data-id=\"1253\" srcset=\"https:\/\/rose-croix-normandie.fr\/WordPress3\/wp-content\/uploads\/2017\/06\/Article-du-courrier-de-l-Eure-0617-1.jpg 500w, https:\/\/rose-croix-normandie.fr\/WordPress3\/wp-content\/uploads\/2017\/06\/Article-du-courrier-de-l-Eure-0617-1-237x300.jpg 237w\" sizes=\"auto, (max-width: 500px) 100vw, 500px\" \/><\/a><figcaption id=\"caption-attachment-1253\" class=\"wp-caption-text\">Cliquer sur l&rsquo;image pour l&rsquo;agrandir (Pdf)<\/figcaption><\/figure>\n<p>&nbsp;<\/p>\n<h4><!--more-->\u00a0<strong>Le Tremblay-Omonville : Visite de l&rsquo;ordre de la Rose-Croix\u00a0<\/strong><\/h4>\n<blockquote><p>\u00ab\u00a0Une visite du ch\u00e2teau du Tremblay-Omonville a \u00e9t\u00e9 organis\u00e9e, ce lundi de Pentec\u00f4te, en marge d&rsquo;une convention du mouvement Amorc (Ancien et mystique ordre de la Rose Croix), propri\u00e9taire des lieux. Serge Toussaint, grand ma\u00eetre de cet ordre, explique que \u201cla convention s&rsquo;est d\u00e9roul\u00e9e au Cadran, \u00e0 \u00c9vreux, avec la participation de pr\u00e8s de 850 membres\u201d, venus d&rsquo;une quinzaine de pays. \u00bb (<em><strong>Paris Normandie<\/strong>,<\/em>\u00a0vendredi 9\u00a0juin 2017)<\/p><\/blockquote>\n<figure id=\"attachment_1258\" aria-describedby=\"caption-attachment-1258\" style=\"width: 500px\" class=\"wp-caption aligncenter\"><a href=\"https:\/\/rose-croix-normandie.fr\/WordPress3\/wp-content\/uploads\/2017\/06\/paris-nomandie-9-juin-2017-web.pdf\" target=\"_blank\" rel=\"noopener noreferrer\"><img loading=\"lazy\" decoding=\"async\" class=\"wp-image-1258 size-full\" src=\"https:\/\/rose-croix-normandie.fr\/WordPress3\/wp-content\/uploads\/2017\/06\/Paris-nomandie-page-complete-3.jpg\" alt=\"\" width=\"500\" height=\"738\" data-id=\"1253\" srcset=\"https:\/\/rose-croix-normandie.fr\/WordPress3\/wp-content\/uploads\/2017\/06\/Paris-nomandie-page-complete-3.jpg 500w, https:\/\/rose-croix-normandie.fr\/WordPress3\/wp-content\/uploads\/2017\/06\/Paris-nomandie-page-complete-3-203x300.jpg 203w\" sizes=\"auto, (max-width: 500px) 100vw, 500px\" \/><\/a><figcaption id=\"caption-attachment-1258\" class=\"wp-caption-text\">Cliqer sur l&rsquo;image pour l&rsquo;agrandir (Pdf)<\/figcaption><\/figure>\n<p>&nbsp;<\/p>\n","protected":false},"excerpt":{"rendered":"<p>\u00c0 l\u2019occasion de la Convention que les Rosicruciens ont tenue \u00e0 \u00c9vreux les 3 et 4 juin derniers, nombre d\u2019entre eux sont venus visiter le Ch\u00e2teau d\u2019Omonville, si\u00e8ge de l\u2019A.M.O.R.C.<\/p>\n","protected":false},"author":6,"featured_media":1904,"comment_status":"closed","ping_status":"closed","sticky":false,"template":"","format":"standard","meta":{"_monsterinsights_skip_tracking":false,"_monsterinsights_sitenote_active":false,"_monsterinsights_sitenote_note":"","_monsterinsights_sitenote_category":0,"footnotes":""},"categories":[6],"tags":[],"class_list":["post-1250","post","type-post","status-publish","format-standard","has-post-thumbnail","hentry","category-amorc-et-medias","content-layout-full"],"aioseo_notices":[],"_links":{"self":[{"href":"https:\/\/rose-croix-normandie.fr\/WordPress3\/wp-json\/wp\/v2\/posts\/1250","targetHints":{"allow":["GET"]}}],"collection":[{"href":"https:\/\/rose-croix-normandie.fr\/WordPress3\/wp-json\/wp\/v2\/posts"}],"about":[{"href":"https:\/\/rose-croix-normandie.fr\/WordPress3\/wp-json\/wp\/v2\/types\/post"}],"author":[{"embeddable":true,"href":"https:\/\/rose-croix-normandie.fr\/WordPress3\/wp-json\/wp\/v2\/users\/6"}],"replies":[{"embeddable":true,"href":"https:\/\/rose-croix-normandie.fr\/WordPress3\/wp-json\/wp\/v2\/comments?post=1250"}],"version-history":[{"count":0,"href":"https:\/\/rose-croix-normandie.fr\/WordPress3\/wp-json\/wp\/v2\/posts\/1250\/revisions"}],"wp:featuredmedia":[{"embeddable":true,"href":"https:\/\/rose-croix-normandie.fr\/WordPress3\/wp-json\/wp\/v2\/media\/1904"}],"wp:attachment":[{"href":"https:\/\/rose-croix-normandie.fr\/WordPress3\/wp-json\/wp\/v2\/media?parent=1250"}],"wp:term":[{"taxonomy":"category","embeddable":true,"href":"https:\/\/rose-croix-normandie.fr\/WordPress3\/wp-json\/wp\/v2\/categories?post=1250"},{"taxonomy":"post_tag","embeddable":true,"href":"https:\/\/rose-croix-normandie.fr\/WordPress3\/wp-json\/wp\/v2\/tags?post=1250"}],"curies":[{"name":"wp","href":"https:\/\/api.w.org\/{rel}","templated":true}]}}